 {"id":3631,"date":"2021-01-08T15:46:40","date_gmt":"2021-01-08T13:46:40","guid":{"rendered":"https:\/\/helsinginpuistot.fi\/hp\/?p=3631"},"modified":"2024-09-13T12:59:55","modified_gmt":"2024-09-13T09:59:55","slug":"topeliuksenpuisto","status":"publish","type":"post","link":"https:\/\/vihreatsylit.fi\/sv\/topeliuksenpuisto\/","title":{"rendered":"Topelius&shy;parken"},"content":{"rendered":"\n<p>Med sin arkitektoniska struktur \u00e4r Topeliusparken en av de f\u00e5 formparkerna i Helsingfors, en gr\u00f6n axel mellan tv\u00e5 offentliga byggnader, kyrkan och biblioteket. Parken best\u00e5r av en naturlig del och en geometrisk del med tv\u00e5 rektangul\u00e4ra \u00f6ppna platser efter varandra, och efter dem en h\u00e4stskoformad \u00f6ppen plats. De \u00f6ppna platserna kantas l\u00e4ngs hela l\u00e4ngden av smala rektanglar d\u00e4r tr\u00e4d och buskar har placerats mer fritt.<\/p>\n\n\n\n<p>I s\u00f6dra \u00e4nden av parken st\u00e5r T\u00f6l\u00f6 kyrka, ritad av&nbsp;<a href=\"https:\/\/urn.fi\/URN:NBN:fi:sls-4325-1416928956931\" target=\"_blank\" rel=\"noreferrer noopener\">Hilding Ekelund<\/a>&nbsp;(1893\u20131984) i 1920-talets nyklassicistiska stil. P\u00e5 senare \u00e5r har kyrkan ocks\u00e5 v\u00e4ckt uppm\u00e4rksamhet p\u00e5 grund av berguven i kyrktornet. Kyrkan st\u00e5r p\u00e5 en klart h\u00f6gre niv\u00e5 \u00e4n parken och \u00e4r anledningen till sluttningens halvrunda form. Sluttningen pryds bl.a. av olika popplar. Nedanf\u00f6r sluttningen \u00f6ppnar sig parkens h\u00e4stskoformade formparksdel. Den pryds av strikt geometriskt klippta h\u00e4ckar, halvklotformade hagtornstr\u00e4d och under dem fyrkantiga \u00e4delrosrabatter. H\u00e4r finns ocks\u00e5 ett avl\u00e5ngt, inh\u00e4gnat lekomr\u00e5de som f\u00f6rsetts med nya lekredskap.<\/p>\n\n\n\n<p>I den del av parken som vetter mot Sibeliusgatan har silverpilarna klippts i cylinderform. Planen i parkens mitt kantas av buskrosor och l\u00e4mpar sig utm\u00e4rkt f\u00f6r t.ex. petanque. Intill g\u00e5ngarna har olika v\u00e4xtspecialiteter samlats i strikta formationer. H\u00e4r v\u00e4xer bl.a. rosen- och svarthagtorn, k\u00f6rsb\u00e4rstr\u00e4d och douglasgranar.<\/p>\n\n\n\n<div class=\"wp-block-group fig col2\"><div class=\"wp-block-group__inner-container is-layout-flow wp-block-group-is-layout-flow\">\n<figure class=\"wp-block-image size-full\"><img loading=\"lazy\" decoding=\"async\" width=\"800\" height=\"521\" src=\"https:\/\/vihreatsylit.fi\/hp\/wp-content\/uploads\/2020\/12\/topelius3.jpg\" alt=\"\" class=\"wp-image-2349\" srcset=\"https:\/\/vihreatsylit.fi\/hp\/wp-content\/uploads\/2020\/12\/topelius3.jpg 800w, https:\/\/vihreatsylit.fi\/hp\/wp-content\/uploads\/2020\/12\/topelius3-300x195.jpg 300w, https:\/\/vihreatsylit.fi\/hp\/wp-content\/uploads\/2020\/12\/topelius3-768x500.jpg 768w\" sizes=\"auto, (max-width: 800px) 100vw, 800px\" \/><figcaption class=\"wp-element-caption\">En yppig dahlia bland sommarblommorna i Topeliusparken <em>Elina Nummi<\/em><\/figcaption><\/figure>\n\n\n\n<figure class=\"wp-block-image size-full\"><img loading=\"lazy\" decoding=\"async\" width=\"800\" height=\"521\" src=\"https:\/\/vihreatsylit.fi\/hp\/wp-content\/uploads\/2020\/12\/topelius2.jpg\" alt=\"\" class=\"wp-image-2351\" srcset=\"https:\/\/vihreatsylit.fi\/hp\/wp-content\/uploads\/2020\/12\/topelius2.jpg 800w, https:\/\/vihreatsylit.fi\/hp\/wp-content\/uploads\/2020\/12\/topelius2-300x195.jpg 300w, https:\/\/vihreatsylit.fi\/hp\/wp-content\/uploads\/2020\/12\/topelius2-768x500.jpg 768w\" sizes=\"auto, (max-width: 800px) 100vw, 800px\" \/><figcaption class=\"wp-element-caption\">Formklippta hagtornstr\u00e4d i formtr\u00e4dg\u00e5rdsdelen av Topeliusparken <em>Roy Koto<\/em><\/figcaption><\/figure>\n<\/div><\/div>\n\n\n\n<div class=\"wp-block-group fig col2\"><div class=\"wp-block-group__inner-container is-layout-flow wp-block-group-is-layout-flow\">\n<figure class=\"wp-block-image size-full\"><img loading=\"lazy\" decoding=\"async\" width=\"800\" height=\"521\" src=\"https:\/\/vihreatsylit.fi\/hp\/wp-content\/uploads\/2020\/12\/topelius0.jpg\" alt=\"\" class=\"wp-image-2353\" srcset=\"https:\/\/vihreatsylit.fi\/hp\/wp-content\/uploads\/2020\/12\/topelius0.jpg 800w, https:\/\/vihreatsylit.fi\/hp\/wp-content\/uploads\/2020\/12\/topelius0-300x195.jpg 300w, https:\/\/vihreatsylit.fi\/hp\/wp-content\/uploads\/2020\/12\/topelius0-768x500.jpg 768w\" sizes=\"auto, (max-width: 800px) 100vw, 800px\" \/><figcaption class=\"wp-element-caption\">Cylinderklippta silverpilar i vinterskrud <em>Vladimir Pohtokari<\/em><\/figcaption><\/figure>\n\n\n\n<figure class=\"wp-block-image size-full\"><img loading=\"lazy\" decoding=\"async\" width=\"800\" height=\"521\" src=\"https:\/\/vihreatsylit.fi\/hp\/wp-content\/uploads\/2020\/12\/topelius1.jpg\" alt=\"\" class=\"wp-image-2355\" srcset=\"https:\/\/vihreatsylit.fi\/hp\/wp-content\/uploads\/2020\/12\/topelius1.jpg 800w, https:\/\/vihreatsylit.fi\/hp\/wp-content\/uploads\/2020\/12\/topelius1-300x195.jpg 300w, https:\/\/vihreatsylit.fi\/hp\/wp-content\/uploads\/2020\/12\/topelius1-768x500.jpg 768w\" sizes=\"auto, (max-width: 800px) 100vw, 800px\" \/><figcaption class=\"wp-element-caption\">Sommarblommor och cylinderklippta silverpilar i mittpartiet av Topeliusparken <em>Roy Koto<\/em><\/figcaption><\/figure>\n<\/div><\/div>\n\n\n\n<div class=\"wp-block-group fig col2\"><div class=\"wp-block-group__inner-container is-layout-flow wp-block-group-is-layout-flow\">\n<figure class=\"wp-block-image size-full\"><img loading=\"lazy\" decoding=\"async\" width=\"800\" height=\"521\" src=\"https:\/\/vihreatsylit.fi\/hp\/wp-content\/uploads\/2020\/12\/topelius6.jpg\" alt=\"\" class=\"wp-image-2357\" srcset=\"https:\/\/vihreatsylit.fi\/hp\/wp-content\/uploads\/2020\/12\/topelius6.jpg 800w, https:\/\/vihreatsylit.fi\/hp\/wp-content\/uploads\/2020\/12\/topelius6-300x195.jpg 300w, https:\/\/vihreatsylit.fi\/hp\/wp-content\/uploads\/2020\/12\/topelius6-768x500.jpg 768w\" sizes=\"auto, (max-width: 800px) 100vw, 800px\" \/><figcaption class=\"wp-element-caption\">De exotiska kannorna \u00f6vervintrar i Stadstr\u00e4dg\u00e5rden och d\u00e4r drivs de ocks\u00e5 upp <em>Elina Nummi<\/em><\/figcaption><\/figure>\n\n\n\n<figure class=\"wp-block-image size-full\"><img loading=\"lazy\" decoding=\"async\" width=\"800\" height=\"521\" src=\"https:\/\/vihreatsylit.fi\/hp\/wp-content\/uploads\/2020\/12\/topelius4.jpg\" alt=\"\" class=\"wp-image-2359\" srcset=\"https:\/\/vihreatsylit.fi\/hp\/wp-content\/uploads\/2020\/12\/topelius4.jpg 800w, https:\/\/vihreatsylit.fi\/hp\/wp-content\/uploads\/2020\/12\/topelius4-300x195.jpg 300w, https:\/\/vihreatsylit.fi\/hp\/wp-content\/uploads\/2020\/12\/topelius4-768x500.jpg 768w\" sizes=\"auto, (max-width: 800px) 100vw, 800px\" \/><figcaption class=\"wp-element-caption\">Den inh\u00e4gnade lekplatsen i Topeliusparken \u00e4r popul\u00e4r bland grannskapets barn och deras f\u00f6r\u00e4ldrar <em>Elina Nummi<\/em><\/figcaption><\/figure>\n<\/div><\/div>\n\n\n\n<p>T\u00f6l\u00f6 bibliotek i andra \u00e4nden av parken representerar modernism och \u00e4r ritat av&nbsp;<a href=\"https:\/\/urn.fi\/URN:NBN:fi:sls-4326-1416928956932\" target=\"_blank\" rel=\"noreferrer noopener\">Aarne Ervi<\/a>&nbsp;(1910\u20131977). Det byggdes 1970. V\u00e4xterna i den flacka sluttningen framf\u00f6r biblioteket \u00e4r friare placerade i landskapsstil. I bass\u00e4ngen bredvid biblioteket planteras varje sommar r\u00f6dblommiga och storbladiga kannor. V\u00e4xterna \u00f6vervintrar i Stadstr\u00e4dg\u00e5rden. G\u00e5ngarna i parkens norra \u00e4nde slingrar sig under tr\u00e4den l\u00e4ngs terr\u00e4ngh\u00f6jderna och ansluter sig elegant till naturlandskapet i den intilliggande Sibeliusparken.<\/p>\n\n\n\n<p>Framf\u00f6r biblioteket st\u00e5r en skulptur av Kari Juva (f.1939),&nbsp;<em><a href=\"https:\/\/www.hamhelsinki.fi\/sv\/sculptures\/lasesalen\/\" target=\"_blank\" rel=\"noreferrer noopener\">L\u00e4sesalen<\/a><\/em>, avt\u00e4ckt 1972. Verket best\u00e5r av tv\u00e5 stiliserade kvinnofigurer; tv\u00e5 personer som av en slump m\u00f6ts i biblioteket och som f\u00f6renas av sitt litteraturintresse. Kari Juvas skulpturer har f\u00e5tt ber\u00f6m f\u00f6r sin plastiska form och kombinationen av r\u00f6relse och tunga massor. I slutet av 1960-talet ordnades en t\u00e4vling om ett konstverk f\u00f6r entr\u00e9n till det nya biblioteket i T\u00f6l\u00f6, och Juvas bidrag L\u00e4sesalen vann. Skulpturen \u00e4r gjuten i brons och vilar p\u00e5 en sockel av svart granit.<\/p>\n\n\n\n<p>De stora lindarna p\u00e5 Topeliusgatan som planterades p\u00e5 1930-talet bildar en mjuk v\u00e4gg mot parken och g\u00f6r parken till en oas d\u00e4r man kan g\u00e5 mellan tv\u00e5 parkstilar och njuta av rosor och speciella tr\u00e4d. Barn kan tryggt leka och spela p\u00e5 den inh\u00e4gnade planen. Ibland kan man faktiskt h\u00f6ra berguvens hoande fr\u00e5n kyrktornet. H\u00e4r har den mycket f\u00f6da, d\u00e5 kaninerna har blivit en verklig pl\u00e5ga i parkerna i T\u00f6l\u00f6.<\/p>\n","protected":false},"excerpt":{"rendered":"<p>Med sin arkitektoniska struktur \u00e4r Topeliusparken en av de f\u00e5 formparkerna i Helsingfors, en gr\u00f6n [&hellip;]<\/p>\n","protected":false},"author":1,"featured_media":6299,"comment_status":"closed","ping_status":"closed","sticky":false,"template":"","format":"standard","meta":{"_acf_changed":false,"advanced_seo_description":"","jetpack_seo_html_title":"","jetpack_seo_noindex":false,"_jetpack_memberships_contains_paid_content":false,"footnotes":""},"categories":[104],"tags":[],"class_list":["post-3631","post","type-post","status-publish","format-standard","has-post-thumbnail","hentry","category-toolo"],"acf":[],"jetpack_featured_media_url":"https:\/\/vihreatsylit.fi\/hp\/wp-content\/uploads\/2020\/11\/etela-topeliuksenpuistoB-Antti-Honkala.jpg","jetpack_sharing_enabled":true,"_links":{"self":[{"href":"https:\/\/vihreatsylit.fi\/sv\/wp-json\/wp\/v2\/posts\/3631","targetHints":{"allow":["GET"]}}],"collection":[{"href":"https:\/\/vihreatsylit.fi\/sv\/wp-json\/wp\/v2\/posts"}],"about":[{"href":"https:\/\/vihreatsylit.fi\/sv\/wp-json\/wp\/v2\/types\/post"}],"author":[{"embeddable":true,"href":"https:\/\/vihreatsylit.fi\/sv\/wp-json\/wp\/v2\/users\/1"}],"replies":[{"embeddable":true,"href":"https:\/\/vihreatsylit.fi\/sv\/wp-json\/wp\/v2\/comments?post=3631"}],"version-history":[{"count":7,"href":"https:\/\/vihreatsylit.fi\/sv\/wp-json\/wp\/v2\/posts\/3631\/revisions"}],"predecessor-version":[{"id":11968,"href":"https:\/\/vihreatsylit.fi\/sv\/wp-json\/wp\/v2\/posts\/3631\/revisions\/11968"}],"wp:featuredmedia":[{"embeddable":true,"href":"https:\/\/vihreatsylit.fi\/sv\/wp-json\/wp\/v2\/media\/6299"}],"wp:attachment":[{"href":"https:\/\/vihreatsylit.fi\/sv\/wp-json\/wp\/v2\/media?parent=3631"}],"wp:term":[{"taxonomy":"category","embeddable":true,"href":"https:\/\/vihreatsylit.fi\/sv\/wp-json\/wp\/v2\/categories?post=3631"},{"taxonomy":"post_tag","embeddable":true,"href":"https:\/\/vihreatsylit.fi\/sv\/wp-json\/wp\/v2\/tags?post=3631"}],"curies":[{"name":"wp","href":"https:\/\/api.w.org\/{rel}","templated":true}]}}