 {"id":3573,"date":"2021-01-08T14:25:33","date_gmt":"2021-01-08T12:25:33","guid":{"rendered":"https:\/\/helsinginpuistot.fi\/hp\/?p=3573"},"modified":"2024-09-13T14:28:51","modified_gmt":"2024-09-13T11:28:51","slug":"tilkanniitty","status":"publish","type":"post","link":"https:\/\/vihreatsylit.fi\/sv\/tilkanniitty\/","title":{"rendered":"Tilk\u00e4ngen"},"content":{"rendered":"\n<p>Tilk\u00e4ngen utg\u00f6r en naturlig forts\u00e4ttning p\u00e5 lekparken och omfattar ocks\u00e5 en skogig del p\u00e5 v\u00e4stra sidan av Lillhoplaxviken, liksom strandomr\u00e5dena vid Hagab\u00e4cken fr\u00e5n vattenfallet vid Tilktorget till Korpasv\u00e4gen. Vad \u00e4r bakgrunden till det speciella namnet? I Lillhoplax finns en grupp namn med f\u00f6rleden Tilk-. Det finska ordet tilkka eller tilkku betyder en liten (jord)pl\u00e4tt, ett stycke odlingsjord eller \u00e4ng. Redan 1907 anv\u00e4ndes ordet i ett namn; Tilkka sjukhus.<\/p>\n\n\n\n<div class=\"wp-block-group fig col2\"><div class=\"wp-block-group__inner-container is-layout-flow wp-block-group-is-layout-flow\">\n<figure class=\"wp-block-image size-full\"><img loading=\"lazy\" decoding=\"async\" width=\"800\" height=\"521\" src=\"https:\/\/vihreatsylit.fi\/hp\/wp-content\/uploads\/2020\/12\/tilkanniitty1.jpg\" alt=\"\" class=\"wp-image-2147\" srcset=\"https:\/\/vihreatsylit.fi\/hp\/wp-content\/uploads\/2020\/12\/tilkanniitty1.jpg 800w, https:\/\/vihreatsylit.fi\/hp\/wp-content\/uploads\/2020\/12\/tilkanniitty1-300x195.jpg 300w, https:\/\/vihreatsylit.fi\/hp\/wp-content\/uploads\/2020\/12\/tilkanniitty1-768x500.jpg 768w\" sizes=\"auto, (max-width: 800px) 100vw, 800px\" \/><figcaption class=\"wp-element-caption\">Tilk\u00e4ngen utg\u00f6r en naturlig forts\u00e4ttning p\u00e5 lekparken Viiri. <em>Elina Nummi<\/em><\/figcaption><\/figure>\n\n\n\n<figure class=\"wp-block-image size-full\"><img loading=\"lazy\" decoding=\"async\" width=\"800\" height=\"600\" src=\"https:\/\/vihreatsylit.fi\/hp\/wp-content\/uploads\/2020\/11\/Tilkanniittykoynnoshortensia.jpg\" alt=\"\" class=\"wp-image-4933\" srcset=\"https:\/\/vihreatsylit.fi\/hp\/wp-content\/uploads\/2020\/11\/Tilkanniittykoynnoshortensia.jpg 800w, https:\/\/vihreatsylit.fi\/hp\/wp-content\/uploads\/2020\/11\/Tilkanniittykoynnoshortensia-300x225.jpg 300w, https:\/\/vihreatsylit.fi\/hp\/wp-content\/uploads\/2020\/11\/Tilkanniittykoynnoshortensia-768x576.jpg 768w\" sizes=\"auto, (max-width: 800px) 100vw, 800px\" \/><figcaption class=\"wp-element-caption\">Kl\u00e4tterhortensia. <em>Elina Nummi<\/em><\/figcaption><\/figure>\n<\/div><\/div>\n\n\n\n<div class=\"wp-block-group fig col2\"><div class=\"wp-block-group__inner-container is-layout-flow wp-block-group-is-layout-flow\">\n<figure class=\"wp-block-image size-full\"><img loading=\"lazy\" decoding=\"async\" width=\"800\" height=\"521\" src=\"https:\/\/vihreatsylit.fi\/hp\/wp-content\/uploads\/2020\/12\/tilkansutsina1.jpg\" alt=\"\" class=\"wp-image-2155\" srcset=\"https:\/\/vihreatsylit.fi\/hp\/wp-content\/uploads\/2020\/12\/tilkansutsina1.jpg 800w, https:\/\/vihreatsylit.fi\/hp\/wp-content\/uploads\/2020\/12\/tilkansutsina1-300x195.jpg 300w, https:\/\/vihreatsylit.fi\/hp\/wp-content\/uploads\/2020\/12\/tilkansutsina1-768x500.jpg 768w\" sizes=\"auto, (max-width: 800px) 100vw, 800px\" \/><figcaption class=\"wp-element-caption\">Moder jord, ett verk av konstn\u00e4r Sanna Karlsson-Sutisna. <em>Elina Nummi<\/em><\/figcaption><\/figure>\n\n\n\n<figure class=\"wp-block-image size-full\"><img loading=\"lazy\" decoding=\"async\" width=\"800\" height=\"521\" src=\"https:\/\/vihreatsylit.fi\/hp\/wp-content\/uploads\/2020\/12\/tilkansutsina3.jpg\" alt=\"\" class=\"wp-image-2157\" srcset=\"https:\/\/vihreatsylit.fi\/hp\/wp-content\/uploads\/2020\/12\/tilkansutsina3.jpg 800w, https:\/\/vihreatsylit.fi\/hp\/wp-content\/uploads\/2020\/12\/tilkansutsina3-300x195.jpg 300w, https:\/\/vihreatsylit.fi\/hp\/wp-content\/uploads\/2020\/12\/tilkansutsina3-768x500.jpg 768w\" sizes=\"auto, (max-width: 800px) 100vw, 800px\" \/><figcaption class=\"wp-element-caption\">Konstn\u00e4r Sanna Karlsson-Sutisnas verk Kulturkolonnaden. <em>Elina Nummi<\/em><\/figcaption><\/figure>\n<\/div><\/div>\n\n\n\n<div class=\"wp-block-group fig col2\"><div class=\"wp-block-group__inner-container is-layout-flow wp-block-group-is-layout-flow\">\n<figure class=\"wp-block-image size-full\"><img loading=\"lazy\" decoding=\"async\" width=\"800\" height=\"521\" src=\"https:\/\/vihreatsylit.fi\/hp\/wp-content\/uploads\/2020\/12\/tilkansutsina4.jpg\" alt=\"\" class=\"wp-image-2159\" srcset=\"https:\/\/vihreatsylit.fi\/hp\/wp-content\/uploads\/2020\/12\/tilkansutsina4.jpg 800w, https:\/\/vihreatsylit.fi\/hp\/wp-content\/uploads\/2020\/12\/tilkansutsina4-300x195.jpg 300w, https:\/\/vihreatsylit.fi\/hp\/wp-content\/uploads\/2020\/12\/tilkansutsina4-768x500.jpg 768w\" sizes=\"auto, (max-width: 800px) 100vw, 800px\" \/><figcaption class=\"wp-element-caption\">Bronsskulpturen B\u00e4ltdjuret \u00e4r ett verk av konstn\u00e4r Sanna Karlsson-Sutisna. <em>Elina Nummi<\/em><\/figcaption><\/figure>\n\n\n\n<figure class=\"wp-block-image size-full\"><img loading=\"lazy\" decoding=\"async\" width=\"800\" height=\"521\" src=\"https:\/\/vihreatsylit.fi\/hp\/wp-content\/uploads\/2020\/12\/tilkansutsina5.jpg\" alt=\"\" class=\"wp-image-2161\" srcset=\"https:\/\/vihreatsylit.fi\/hp\/wp-content\/uploads\/2020\/12\/tilkansutsina5.jpg 800w, https:\/\/vihreatsylit.fi\/hp\/wp-content\/uploads\/2020\/12\/tilkansutsina5-300x195.jpg 300w, https:\/\/vihreatsylit.fi\/hp\/wp-content\/uploads\/2020\/12\/tilkansutsina5-768x500.jpg 768w\" sizes=\"auto, (max-width: 800px) 100vw, 800px\" \/><figcaption class=\"wp-element-caption\">Bronsskulpturen Hundvalp, ett verk av konstn\u00e4r Sanna Karlsson-Sutisna. <em>Elina Nummi<\/em><\/figcaption><\/figure>\n<\/div><\/div>\n\n\n\n<div class=\"wp-block-group fig col2\"><div class=\"wp-block-group__inner-container is-layout-flow wp-block-group-is-layout-flow\">\n<figure class=\"wp-block-image size-full\"><img loading=\"lazy\" decoding=\"async\" width=\"800\" height=\"521\" src=\"https:\/\/vihreatsylit.fi\/hp\/wp-content\/uploads\/2020\/12\/tilkantori1.jpg\" alt=\"\" class=\"wp-image-2163\" srcset=\"https:\/\/vihreatsylit.fi\/hp\/wp-content\/uploads\/2020\/12\/tilkantori1.jpg 800w, https:\/\/vihreatsylit.fi\/hp\/wp-content\/uploads\/2020\/12\/tilkantori1-300x195.jpg 300w, https:\/\/vihreatsylit.fi\/hp\/wp-content\/uploads\/2020\/12\/tilkantori1-768x500.jpg 768w\" sizes=\"auto, (max-width: 800px) 100vw, 800px\" \/><figcaption class=\"wp-element-caption\">Hagab\u00e4cken \u00e4r k\u00e4nd f\u00f6r sina \u00f6ringar och kan besk\u00e5das fr\u00e5n en plattform som pryds av lindar klippta s\u00e5 att de liknar sj\u00f6m\u00e4rken. <em>Elina Nummi<\/em><\/figcaption><\/figure>\n\n\n\n<figure class=\"wp-block-image size-full\"><img loading=\"lazy\" decoding=\"async\" width=\"800\" height=\"521\" src=\"https:\/\/vihreatsylit.fi\/hp\/wp-content\/uploads\/2020\/12\/tilkantori2.jpg\" alt=\"\" class=\"wp-image-2165\" srcset=\"https:\/\/vihreatsylit.fi\/hp\/wp-content\/uploads\/2020\/12\/tilkantori2.jpg 800w, https:\/\/vihreatsylit.fi\/hp\/wp-content\/uploads\/2020\/12\/tilkantori2-300x195.jpg 300w, https:\/\/vihreatsylit.fi\/hp\/wp-content\/uploads\/2020\/12\/tilkantori2-768x500.jpg 768w\" sizes=\"auto, (max-width: 800px) 100vw, 800px\" \/><figcaption class=\"wp-element-caption\">\u00d6ringarna lyckas ta sig upp f\u00f6r vattenfallet vid Tilktorget, trots att det inte egentligen \u00e4r en fisktrappa. <em>Elina Nummi<\/em><\/figcaption><\/figure>\n<\/div><\/div>\n\n\n\n<p>En speciell sev\u00e4rdhet i parken \u00e4r konstn\u00e4r Sanna Karlsson-Sutisnas&nbsp;konstpark f\u00f6r barn,&nbsp;<em>Livets Blomma<\/em>. Denna skulpturpark uppstod p\u00e5 konstn\u00e4rens initiativ och har fortsatt att v\u00e4xa \u00e5r f\u00f6r \u00e5r. St\u00f6rsta delen av verken \u00e4r av tr\u00e4, men ocks\u00e5 de gripande bronsdjuren och Moder Jord i keramik g\u00f6r parken till en upplevelserik utst\u00e4llning med utomhuskonst. Det \u00e4r till\u00e5tet att vidr\u00f6ra verken!<\/p>\n\n\n\n<p>Hagab\u00e4cken som rinner ut i Lillhoplaxviken \u00e4r k\u00e4nd f\u00f6r sina \u00f6ringar. Fiskarna lyckas med konststycket att ta sig upp f\u00f6r vattenfallet vid Tilktorget \u2013 som inte \u00e4r n\u00e5gon fisktrappa \u00e4ven om detta ibland p\u00e5st\u00e5s \u2013 och forts\u00e4tter sedan under Vichtisv\u00e4gen och l\u00e4gger sin rom i K\u00f6pingsparken eller \u00e4nda upp i M\u00e5nsas!<\/p>\n","protected":false},"excerpt":{"rendered":"<p>Tilk\u00e4ngen utg\u00f6r en naturlig forts\u00e4ttning p\u00e5 lekparken och omfattar ocks\u00e5 en skogig del p\u00e5 v\u00e4stra [&hellip;]<\/p>\n","protected":false},"author":1,"featured_media":6469,"comment_status":"closed","ping_status":"closed","sticky":false,"template":"","format":"standard","meta":{"_acf_changed":false,"advanced_seo_description":"","jetpack_seo_html_title":"","jetpack_seo_noindex":false,"_jetpack_memberships_contains_paid_content":false,"footnotes":""},"categories":[142],"tags":[],"class_list":["post-3573","post","type-post","status-publish","format-standard","has-post-thumbnail","hentry","category-pikku-huopalahti"],"acf":[],"jetpack_featured_media_url":"https:\/\/vihreatsylit.fi\/hp\/wp-content\/uploads\/2020\/11\/lansi-TilkanniittyVaritaide.jpg","jetpack_sharing_enabled":true,"_links":{"self":[{"href":"https:\/\/vihreatsylit.fi\/sv\/wp-json\/wp\/v2\/posts\/3573","targetHints":{"allow":["GET"]}}],"collection":[{"href":"https:\/\/vihreatsylit.fi\/sv\/wp-json\/wp\/v2\/posts"}],"about":[{"href":"https:\/\/vihreatsylit.fi\/sv\/wp-json\/wp\/v2\/types\/post"}],"author":[{"embeddable":true,"href":"https:\/\/vihreatsylit.fi\/sv\/wp-json\/wp\/v2\/users\/1"}],"replies":[{"embeddable":true,"href":"https:\/\/vihreatsylit.fi\/sv\/wp-json\/wp\/v2\/comments?post=3573"}],"version-history":[{"count":4,"href":"https:\/\/vihreatsylit.fi\/sv\/wp-json\/wp\/v2\/posts\/3573\/revisions"}],"predecessor-version":[{"id":11979,"href":"https:\/\/vihreatsylit.fi\/sv\/wp-json\/wp\/v2\/posts\/3573\/revisions\/11979"}],"wp:featuredmedia":[{"embeddable":true,"href":"https:\/\/vihreatsylit.fi\/sv\/wp-json\/wp\/v2\/media\/6469"}],"wp:attachment":[{"href":"https:\/\/vihreatsylit.fi\/sv\/wp-json\/wp\/v2\/media?parent=3573"}],"wp:term":[{"taxonomy":"category","embeddable":true,"href":"https:\/\/vihreatsylit.fi\/sv\/wp-json\/wp\/v2\/categories?post=3573"},{"taxonomy":"post_tag","embeddable":true,"href":"https:\/\/vihreatsylit.fi\/sv\/wp-json\/wp\/v2\/tags?post=3573"}],"curies":[{"name":"wp","href":"https:\/\/api.w.org\/{rel}","templated":true}]}}