 {"id":3478,"date":"2021-01-07T16:33:10","date_gmt":"2021-01-07T14:33:10","guid":{"rendered":"https:\/\/helsinginpuistot.fi\/hp\/?p=3478"},"modified":"2023-11-09T10:56:04","modified_gmt":"2023-11-09T08:56:04","slug":"kellomaki-kirkkorinne-ja-kustaa-vaasan-puisto","status":"publish","type":"post","link":"https:\/\/vihreatsylit.fi\/sv\/kellomaki-kirkkorinne-ja-kustaa-vaasan-puisto\/","title":{"rendered":"Klock&shy;backen, Kyrko&shy;vreten och Gustav Vasas park"},"content":{"rendered":"\n<p>F\u00f6r tillf\u00e4llet p\u00e5minner parkerna i Gammelstaden mer om ett stort omr\u00e5de med \u00e4ngar \u00e4n om traditionella parker. Omr\u00e5det kring Klockbacken \u00e4r emellertid m\u00e5ngfacetterat, flerskiktat och historiskt rikt. I b\u00f6rjan av 1930-talet genomf\u00f6rdes arkeologiska utgr\u00e4vningar i omr\u00e5det, och p\u00e5 nytt mellan 1989 och 1993. En arkeologisk park planeras, likas\u00e5 en arkeologisk stig med informationstavlor. Parken och stigen ska belysa stadens f\u00f6rhistoria.<\/p>\n\n\n\n<p>Inne i parken st\u00e5r en r\u00f6dmyllad dr\u00e4ngstuga som h\u00f6rde till Forsby hemman och som troligen h\u00e4rstammar fr\u00e5n 1700-talet. Den anv\u00e4nds idag som bostad. Helsingfors Vattens representationslokal Aqua Kilta finns ocks\u00e5 i parken.<\/p>\n\n\n\n<p>H\u00f6gt uppe p\u00e5 toppen av Klockbacken st\u00e5r en\u00a0<a href=\"https:\/\/www.hamhelsinki.fi\/sv\/sculptures\/obelisken-till-minne-av-gustav-ii-adolfs-lantdag\/\" target=\"_blank\" rel=\"noreferrer noopener\">st\u00e5tlig obelisk<\/a>\u00a0med en inskription p\u00e5 finska, svenska och latin:<\/p>\n\n\n\n<p><em>Gustav II Adolf h\u00f6ll ett lantdagsm\u00f6te med Finlands st\u00e4nder p\u00e5 platsen efter att ha s\u00e4krat landets \u00f6stra gr\u00e4ns.<\/em><\/p>\n\n\n\n<p>I norra \u00e4nden av parken st\u00e5r ett\u00a0<a href=\"https:\/\/www.hamhelsinki.fi\/sv\/sculptures\/helsingfors-400-ars-minnesmarke\/\" target=\"_blank\" rel=\"noreferrer noopener\">minnesm\u00e4rke<\/a>\u00a0som restes d\u00e5 Helsingfors firade 400-\u00e5rsjubileum. Det skapades av skulpt\u00f6r Yrj\u00f6 Rosola (1904\u20131989) och avt\u00e4cktes 1950. Minnesm\u00e4rket innefattar en relief av Gustav Vasa i profil samt en separat granitplatta med en relief av Helsingfors stadsplan 1550\u20131640, dvs. fr\u00e5n den tid d\u00e5 staden l\u00e5g vid Vanda \u00e5s mynning.<\/p>\n\n\n\n<div class=\"wp-block-group fig col2\"><div class=\"wp-block-group__inner-container is-layout-flow wp-block-group-is-layout-flow\">\n<figure class=\"wp-block-image size-full\"><img loading=\"lazy\" decoding=\"async\" width=\"1000\" height=\"653\" src=\"https:\/\/vihreatsylit.fi\/hp\/wp-content\/uploads\/2020\/12\/kellomaki1.jpg\" alt=\"\" class=\"wp-image-1859\" srcset=\"https:\/\/vihreatsylit.fi\/hp\/wp-content\/uploads\/2020\/12\/kellomaki1.jpg 1000w, https:\/\/vihreatsylit.fi\/hp\/wp-content\/uploads\/2020\/12\/kellomaki1-300x196.jpg 300w, https:\/\/vihreatsylit.fi\/hp\/wp-content\/uploads\/2020\/12\/kellomaki1-768x502.jpg 768w\" sizes=\"auto, (max-width: 1000px) 100vw, 1000px\" \/><figcaption class=\"wp-element-caption\">En husgrund som hittats vid arkeologiska utgr\u00e4vningar i Gammelstaden <em>Markku Heikkinen<\/em><\/figcaption><\/figure>\n\n\n\n<figure class=\"wp-block-image size-full\"><img loading=\"lazy\" decoding=\"async\" width=\"1000\" height=\"651\" src=\"https:\/\/vihreatsylit.fi\/hp\/wp-content\/uploads\/2020\/12\/kellomaki2.jpg\" alt=\"\" class=\"wp-image-1861\" srcset=\"https:\/\/vihreatsylit.fi\/hp\/wp-content\/uploads\/2020\/12\/kellomaki2.jpg 1000w, https:\/\/vihreatsylit.fi\/hp\/wp-content\/uploads\/2020\/12\/kellomaki2-300x195.jpg 300w, https:\/\/vihreatsylit.fi\/hp\/wp-content\/uploads\/2020\/12\/kellomaki2-768x500.jpg 768w\" sizes=\"auto, (max-width: 1000px) 100vw, 1000px\" \/><figcaption class=\"wp-element-caption\">En gammal brunn som hittats vid arkeologiska utgr\u00e4vningar i Gammelstaden <em>Markku Heikkinen<\/em><\/figcaption><\/figure>\n<\/div><\/div>\n\n\n\n<div class=\"wp-block-group fig col2\"><div class=\"wp-block-group__inner-container is-layout-flow wp-block-group-is-layout-flow\">\n<figure class=\"wp-block-image size-full\"><img loading=\"lazy\" decoding=\"async\" width=\"1000\" height=\"651\" src=\"https:\/\/vihreatsylit.fi\/hp\/wp-content\/uploads\/2020\/12\/kirkkorinne1.jpg\" alt=\"\" class=\"wp-image-1867\" srcset=\"https:\/\/vihreatsylit.fi\/hp\/wp-content\/uploads\/2020\/12\/kirkkorinne1.jpg 1000w, https:\/\/vihreatsylit.fi\/hp\/wp-content\/uploads\/2020\/12\/kirkkorinne1-300x195.jpg 300w, https:\/\/vihreatsylit.fi\/hp\/wp-content\/uploads\/2020\/12\/kirkkorinne1-768x500.jpg 768w\" sizes=\"auto, (max-width: 1000px) 100vw, 1000px\" \/><figcaption class=\"wp-element-caption\"> Minnesm\u00e4rket \u00f6ver kung Gustav Vasa, som grundade Helsingfors, avt\u00e4cktes 1950 d\u00e5 staden fyllde 400 \u00e5r <em>Vladimir Pohtokari<\/em><\/figcaption><\/figure>\n\n\n\n<figure class=\"wp-block-image size-full\"><img loading=\"lazy\" decoding=\"async\" width=\"1000\" height=\"651\" src=\"https:\/\/vihreatsylit.fi\/hp\/wp-content\/uploads\/2020\/12\/kirkkorinne5.jpg\" alt=\"\" class=\"wp-image-1873\" srcset=\"https:\/\/vihreatsylit.fi\/hp\/wp-content\/uploads\/2020\/12\/kirkkorinne5.jpg 1000w, https:\/\/vihreatsylit.fi\/hp\/wp-content\/uploads\/2020\/12\/kirkkorinne5-300x195.jpg 300w, https:\/\/vihreatsylit.fi\/hp\/wp-content\/uploads\/2020\/12\/kirkkorinne5-768x500.jpg 768w\" sizes=\"auto, (max-width: 1000px) 100vw, 1000px\" \/><figcaption class=\"wp-element-caption\">I Kyrkovreten finns gamla gravstenar, s\u00e5som gravstenen \u00f6ver den holl\u00e4ndska k\u00f6pmannen Hans van Sanden som dog 1590. Gravstenen \u00e4r i sj\u00e4lva verket en replik fr\u00e5n 1890, gjord av skulpt\u00f6r Robert Stigell <em>Vladimir Pohtokari<\/em><\/figcaption><\/figure>\n<\/div><\/div>\n\n\n\n<p>Terr\u00e4ngen i parken har omformats f\u00f6r att ge plats \u00e5t motorv\u00e4gsramperna. Omr\u00e5det sk\u00f6ts idag som en \u00e4ng och naturlig gr\u00e4smatta. Gamla tr\u00e4d har avl\u00e4gsnats f\u00f6r att \u00f6ppna upp utsikten mot Gammelstadens strand. Bergsk\u00e4rningen vid Forsbyv\u00e4gen \u00e4r upplyst och pryds av ett milj\u00f6konstverk i form av en mur. En trappa leder upp till Klockbacken fr\u00e5n Tavastv\u00e4gen. Skyddsstaketet uppe p\u00e5 klippan har f\u00f6rnyats.<\/p>\n\n\n\n<p>Vanda \u00e5s str\u00e4nder framtr\u00e4der i landskapet genom tr\u00e4den och v\u00e5tmarksv\u00e4xterna som kantar \u00e5n. De gamla tr\u00e4den vid stranden har bevarats. Det \u00e4r en trevlig plats f\u00f6r promenader, s\u00e4rskilt n\u00e4r de gamla h\u00e4ggarna blommar.<\/p>\n\n\n\n<p>Den b\u00e4st sk\u00f6tta delen av parken \u00e4r Kyrkovreten, d\u00e4r en kyrka har st\u00e5tt och den ursprungliga stenfoten fortfarande kan ses. Dessutom finns h\u00e4r gamla gravstenar, s\u00e5som\u00a0<a href=\"https:\/\/www.hamhelsinki.fi\/sv\/sculptures\/hans-van-sandens-gravsten\/\" target=\"_blank\" rel=\"noreferrer noopener\">gravstenen \u00f6ver den holl\u00e4ndska k\u00f6pmannen Hans van Sanden<\/a>\u00a0som dog 1590. Gravstenen \u00e4r i sj\u00e4lva verket en replik fr\u00e5n 1890, gjord av skulpt\u00f6r Robert Stigell (1852\u20131907). Det har h\u00e5llits gudstj\u00e4nster p\u00e5 platsen och det har funnits planer p\u00e5 att bygga ett tak h\u00e4r.<\/p>\n","protected":false},"excerpt":{"rendered":"<p>F\u00f6r tillf\u00e4llet p\u00e5minner parkerna i Gammelstaden mer om ett stort omr\u00e5de med \u00e4ngar \u00e4n om [&hellip;]<\/p>\n","protected":false},"author":1,"featured_media":6670,"comment_status":"closed","ping_status":"closed","sticky":false,"template":"","format":"standard","meta":{"_acf_changed":false,"advanced_seo_description":"","jetpack_seo_html_title":"","jetpack_seo_noindex":false,"_jetpack_memberships_contains_paid_content":false,"footnotes":""},"categories":[156],"tags":[],"class_list":["post-3478","post","type-post","status-publish","format-standard","has-post-thumbnail","hentry","category-vanhakaupunki"],"acf":[],"jetpack_featured_media_url":"https:\/\/vihreatsylit.fi\/hp\/wp-content\/uploads\/2020\/11\/pk-kellomaki-HemmoRattya.jpg","jetpack_sharing_enabled":true,"_links":{"self":[{"href":"https:\/\/vihreatsylit.fi\/sv\/wp-json\/wp\/v2\/posts\/3478","targetHints":{"allow":["GET"]}}],"collection":[{"href":"https:\/\/vihreatsylit.fi\/sv\/wp-json\/wp\/v2\/posts"}],"about":[{"href":"https:\/\/vihreatsylit.fi\/sv\/wp-json\/wp\/v2\/types\/post"}],"author":[{"embeddable":true,"href":"https:\/\/vihreatsylit.fi\/sv\/wp-json\/wp\/v2\/users\/1"}],"replies":[{"embeddable":true,"href":"https:\/\/vihreatsylit.fi\/sv\/wp-json\/wp\/v2\/comments?post=3478"}],"version-history":[{"count":4,"href":"https:\/\/vihreatsylit.fi\/sv\/wp-json\/wp\/v2\/posts\/3478\/revisions"}],"predecessor-version":[{"id":10627,"href":"https:\/\/vihreatsylit.fi\/sv\/wp-json\/wp\/v2\/posts\/3478\/revisions\/10627"}],"wp:featuredmedia":[{"embeddable":true,"href":"https:\/\/vihreatsylit.fi\/sv\/wp-json\/wp\/v2\/media\/6670"}],"wp:attachment":[{"href":"https:\/\/vihreatsylit.fi\/sv\/wp-json\/wp\/v2\/media?parent=3478"}],"wp:term":[{"taxonomy":"category","embeddable":true,"href":"https:\/\/vihreatsylit.fi\/sv\/wp-json\/wp\/v2\/categories?post=3478"},{"taxonomy":"post_tag","embeddable":true,"href":"https:\/\/vihreatsylit.fi\/sv\/wp-json\/wp\/v2\/tags?post=3478"}],"curies":[{"name":"wp","href":"https:\/\/api.w.org\/{rel}","templated":true}]}}