 {"id":3462,"date":"2021-01-07T15:45:15","date_gmt":"2021-01-07T13:45:15","guid":{"rendered":"https:\/\/helsinginpuistot.fi\/hp\/?p=3462"},"modified":"2024-09-13T16:08:31","modified_gmt":"2024-09-13T13:08:31","slug":"josafatin-kalliot","status":"publish","type":"post","link":"https:\/\/vihreatsylit.fi\/sv\/josafatin-kalliot\/","title":{"rendered":"Josafats&shy;bergen"},"content":{"rendered":"\n<p>I detaljplanen fr\u00e5n 1901 hade klipporna anvisats f\u00f6r byggnader, men under flera \u00e5rtionden h\u00e4nde ingenting, och klipporna anv\u00e4ndes av barn som lekplats samt f\u00f6r att torka tv\u00e4tt. I b\u00f6rjan av 1900-talet tv\u00e4ttade arbetarkvinnor \u201db\u00e4ttre folks\u201d kl\u00e4der f\u00f6r att skaffa sig extra inkomster.\u00a0<a href=\"https:\/\/www.hamhelsinki.fi\/sv\/sculptures\/arbetarmodern\/\" target=\"_blank\" rel=\"noreferrer noopener\">Statyn Arbetarmodern<\/a>\u00a0i h\u00f6rnet av Sturegatan och V\u00e4stra Brahegatan har rests till minne av detta.<\/p>\n\n\n\n<p>Klipporna riskerade att spr\u00e4ngas bort n\u00e4r omr\u00e5det planerades f\u00f6r bost\u00e4der p\u00e5 1970-talet, men de lokala inv\u00e5narna organiserade sig och lyckades f\u00f6rhindra detta. En minnestavla \u00f6ver protestr\u00f6relsen har f\u00e4sts i en klippa vid Helsingegatan.<\/p>\n\n\n\n<p>Dalen d\u00e4r Helsingegatan nu ligger kallades Josafats dal och d\u00e4rifr\u00e5n kommer namnet p\u00e5 Josafatsgatan och klipporna. P\u00e5 1800-talet var bibliska namn vanliga f\u00f6r mer avl\u00e4gsna platser norr om Helsingfors. Enligt Joels bok i bibeln skulle Gud d\u00f6ma hedningarna i Josafats dal.<\/p>\n\n\n\n<div class=\"wp-block-group fig col2\"><div class=\"wp-block-group__inner-container is-layout-flow wp-block-group-is-layout-flow\">\n<figure class=\"wp-block-image size-full\"><img loading=\"lazy\" decoding=\"async\" width=\"1000\" height=\"652\" src=\"https:\/\/vihreatsylit.fi\/hp\/wp-content\/uploads\/2020\/12\/josafatin2.jpg\" alt=\"\" class=\"wp-image-1815\" srcset=\"https:\/\/vihreatsylit.fi\/hp\/wp-content\/uploads\/2020\/12\/josafatin2.jpg 1000w, https:\/\/vihreatsylit.fi\/hp\/wp-content\/uploads\/2020\/12\/josafatin2-300x196.jpg 300w, https:\/\/vihreatsylit.fi\/hp\/wp-content\/uploads\/2020\/12\/josafatin2-768x501.jpg 768w\" sizes=\"auto, (max-width: 1000px) 100vw, 1000px\" \/><figcaption class=\"wp-element-caption\">Josafatsbergen <em>Tomas Palmgren<\/em><\/figcaption><\/figure>\n\n\n\n<figure class=\"wp-block-image size-full\"><img loading=\"lazy\" decoding=\"async\" width=\"1000\" height=\"651\" src=\"https:\/\/vihreatsylit.fi\/hp\/wp-content\/uploads\/2020\/12\/josafatin3.jpg\" alt=\"\" class=\"wp-image-1817\" srcset=\"https:\/\/vihreatsylit.fi\/hp\/wp-content\/uploads\/2020\/12\/josafatin3.jpg 1000w, https:\/\/vihreatsylit.fi\/hp\/wp-content\/uploads\/2020\/12\/josafatin3-300x195.jpg 300w, https:\/\/vihreatsylit.fi\/hp\/wp-content\/uploads\/2020\/12\/josafatin3-768x500.jpg 768w\" sizes=\"auto, (max-width: 1000px) 100vw, 1000px\" \/><figcaption class=\"wp-element-caption\">Josafatsbergen <em>Tomas Palmgren<\/em><\/figcaption><\/figure>\n<\/div><\/div>\n\n\n\n<p>De vackra klipporna i parken har framh\u00e4vts med v\u00e4xter. I parkh\u00f6rnen har tr\u00e4dgrupper planterats, bl.a. k\u00f6rsb\u00e4rstr\u00e4d. Vid korsningen mellan Helsingegatan och Kristinegatan st\u00e5r en l\u00e5g mur som avskiljer parken fr\u00e5n gatorna. P\u00e5 toppen av klippan har en liten damm byggts i en f\u00f6rdjupning och runt dammen v\u00e4xer perenner. Fr\u00e5n dammen rinner en b\u00e4ck ner till en liten vistelseplats.<\/p>\n\n\n\n<p>Parken har en lekplats samt en scen och en liten l\u00e4ktare som byggts i den intilliggande sluttningen. Plat\u00e5erna mellan klipporna \u00e4r gr\u00e4sbekl\u00e4dda vistelseplatser. I den \u00f6stra delen av parken ligger en liten lekplats med sand.<\/p>\n\n\n\n<p>Puistossa on leikkipaikka sek\u00e4 sen yhteyteen rinteeseen rakennettu pieni katsomo ja esiintymistila. Kallioiden v\u00e4liss\u00e4 olevat tasanteet ovat nurmipintaisia oleskelupaikkoja. It\u00e4osassa sijaitsee pieni hiekkaleikkipaikka.<\/p>\n","protected":false},"excerpt":{"rendered":"<p>I detaljplanen fr\u00e5n 1901 hade klipporna anvisats f\u00f6r byggnader, men under flera \u00e5rtionden h\u00e4nde ingenting, [&hellip;]<\/p>\n","protected":false},"author":1,"featured_media":6702,"comment_status":"closed","ping_status":"closed","sticky":false,"template":"","format":"standard","meta":{"_acf_changed":false,"advanced_seo_description":"","jetpack_seo_html_title":"","jetpack_seo_noindex":false,"_jetpack_memberships_contains_paid_content":false,"footnotes":""},"categories":[150],"tags":[],"class_list":["post-3462","post","type-post","status-publish","format-standard","has-post-thumbnail","hentry","category-kallio"],"acf":[],"jetpack_featured_media_url":"https:\/\/vihreatsylit.fi\/hp\/wp-content\/uploads\/2020\/11\/pk-Josafatin-kalliot-HemmoRattya.jpg","jetpack_sharing_enabled":true,"_links":{"self":[{"href":"https:\/\/vihreatsylit.fi\/sv\/wp-json\/wp\/v2\/posts\/3462","targetHints":{"allow":["GET"]}}],"collection":[{"href":"https:\/\/vihreatsylit.fi\/sv\/wp-json\/wp\/v2\/posts"}],"about":[{"href":"https:\/\/vihreatsylit.fi\/sv\/wp-json\/wp\/v2\/types\/post"}],"author":[{"embeddable":true,"href":"https:\/\/vihreatsylit.fi\/sv\/wp-json\/wp\/v2\/users\/1"}],"replies":[{"embeddable":true,"href":"https:\/\/vihreatsylit.fi\/sv\/wp-json\/wp\/v2\/comments?post=3462"}],"version-history":[{"count":7,"href":"https:\/\/vihreatsylit.fi\/sv\/wp-json\/wp\/v2\/posts\/3462\/revisions"}],"predecessor-version":[{"id":12028,"href":"https:\/\/vihreatsylit.fi\/sv\/wp-json\/wp\/v2\/posts\/3462\/revisions\/12028"}],"wp:featuredmedia":[{"embeddable":true,"href":"https:\/\/vihreatsylit.fi\/sv\/wp-json\/wp\/v2\/media\/6702"}],"wp:attachment":[{"href":"https:\/\/vihreatsylit.fi\/sv\/wp-json\/wp\/v2\/media?parent=3462"}],"wp:term":[{"taxonomy":"category","embeddable":true,"href":"https:\/\/vihreatsylit.fi\/sv\/wp-json\/wp\/v2\/categories?post=3462"},{"taxonomy":"post_tag","embeddable":true,"href":"https:\/\/vihreatsylit.fi\/sv\/wp-json\/wp\/v2\/tags?post=3462"}],"curies":[{"name":"wp","href":"https:\/\/api.w.org\/{rel}","templated":true}]}}