 {"id":3394,"date":"2021-01-06T12:55:40","date_gmt":"2021-01-06T10:55:40","guid":{"rendered":"https:\/\/helsinginpuistot.fi\/hp\/?p=3394"},"modified":"2024-09-18T14:06:58","modified_gmt":"2024-09-18T11:06:58","slug":"liinamaanpuisto","status":"publish","type":"post","link":"https:\/\/vihreatsylit.fi\/sv\/liinamaanpuisto\/","title":{"rendered":"Liinamaaparken"},"content":{"rendered":"\n<p>I det efterkrigstida Finland f\u00f6rkroppsligade Keijo Liinamaa tron och \u00f6nskan att bygga ett b\u00e4ttre samh\u00e4lle. Metoderna han anv\u00e4nde p\u00e5 1960- och 1970-talet omfattade f\u00f6rlikning av arbetstvister, byggande av socialskyddet och utj\u00e4mning av inkomstskillnaderna. Han lyckades f\u00f6rhandla fram Finlands f\u00f6rsta inkomstpolitiska avtal, som starkt bidrog till att Finland utvecklades till en v\u00e4lf\u00e4rdsstat.<\/p>\n\n\n\n<h2 class=\"wp-block-heading\">Fr\u00e5n fabrikssamh\u00e4llet i M\u00e4ntt\u00e4 till rikspolitiken<\/h2>\n\n\n\n<p>Keijo Liinamaas far Robert Liinamaa var kopparslagare vid Serlachius fabrik i M\u00e4ntt\u00e4 och ansvarade senare f\u00f6r arbetsf\u00f6rh\u00e5llandena vid fabriken. I den h\u00e4r atmosf\u00e4ren tillbringade Keijo Liinamaa sin barndom och ungdom, fick ta studenten och begav sig f\u00f6r att studera juridik. Fabriksortens och familjens bakgrund innebar att det f\u00f6ll naturligt f\u00f6r Liinamaa att ansluta sig till det socialdemokratiska partiet.<\/p>\n\n\n\n<h2 class=\"wp-block-heading\">Det inkomstpolitiska avtalets fader<\/h2>\n\n\n\n<p>Den finl\u00e4ndska ekonomins balans rubbades p\u00e5 1960-talet. Ih\u00e5llande prish\u00f6jningar och l\u00f6nef\u00f6rh\u00f6jningar orsakade en inflation som t\u00e4rde p\u00e5 ekonomin. Regeringen gav Liinamaa en specialuppgift: Liinamaa skulle f\u00f6rhandla fram en centraliserad l\u00f6neuppg\u00f6relse med parterna p\u00e5 arbetsmarknaden. Det h\u00e4r ledde till det f\u00f6rsta inkomstpolitiska avtalet \u00e5r 1968, i sam band med vilket Liinamaa fick s\u00e4rskilt ber\u00f6m f\u00f6r sin f\u00f6rhandlingsf\u00f6rm\u00e5ga.<\/p>\n\n\n\n<h2 class=\"wp-block-heading\">Minister och kanslichef<\/h2>\n\n\n\n<p>Liinamaa tj\u00e4nstgjorde som justitieminister och andre finansminister 1970, arbetskraftsminister 1971\u20131972 samt som statsminister 1975. Alla dessa regeringar var tj\u00e4nstemannaregeringar. Under den tid han var statsminister h\u00f6lls den internationella europeiska s\u00e4kerhets- och samarbetskonferensen ESK, d\u00e5 Finland var p\u00e5 l\u00f6psedlarna i medierna i hela v\u00e4rlden.<\/p>\n\n\n\n<p>Liinamaa fungerade senare som kanslichef vid arbetskraftsministeriet. N\u00e4r Liinamaas gamla tj\u00e4nst som riksf\u00f6rlikningsman lediganslogs \u00e5r 1979 blev han \u00e5ter riksf\u00f6rlikningsman.<\/p>\n\n\n\n<h2 class=\"wp-block-heading\">Keijo Liinamaa och Nordsj\u00f6<\/h2>\n\n\n\n<p>Liinamaa bodde i Nordsj\u00f6 fr\u00e5n \u00e5r 1965. Hans barn gick i Nordsj\u00f6 samskola. Liinamaa var medlem i skolans f\u00f6r\u00e4ldrar\u00e5d i 10 \u00e5r. Liinamaa var medlem i kyrkor\u00e5det i Nordsj\u00f6 1967\u20131971 och fungerade som styrelseordf\u00f6rande f\u00f6r stiftelsen Vuosaari-S\u00e4\u00e4ti\u00f6 1968\u20131970. Han var ledamot i Helsingfors stadsfullm\u00e4ktige 1973\u20131976.<\/p>\n\n\n\n<p>Keijo Liinamaa avled pl\u00f6tsligt p\u00e5 en motionsstig i n\u00e4rheten av sitt hem \u00e5r 1980, 51 \u00e5r gammal.<\/p>\n","protected":false},"excerpt":{"rendered":"<p>I det efterkrigstida Finland f\u00f6rkroppsligade Keijo Liinamaa tron och \u00f6nskan att bygga ett b\u00e4ttre samh\u00e4lle. [&hellip;]<\/p>\n","protected":false},"author":1,"featured_media":12116,"comment_status":"closed","ping_status":"closed","sticky":false,"template":"","format":"standard","meta":{"_acf_changed":false,"advanced_seo_description":"","jetpack_seo_html_title":"","jetpack_seo_noindex":false,"_jetpack_memberships_contains_paid_content":false,"footnotes":""},"categories":[124],"tags":[],"class_list":["post-3394","post","type-post","status-publish","format-standard","has-post-thumbnail","hentry","category-vanha-vuosaari"],"acf":[],"jetpack_featured_media_url":"https:\/\/vihreatsylit.fi\/hp\/wp-content\/uploads\/2020\/11\/Liinamaanpuisto_HemmoRattya.jpg","jetpack_sharing_enabled":true,"_links":{"self":[{"href":"https:\/\/vihreatsylit.fi\/sv\/wp-json\/wp\/v2\/posts\/3394","targetHints":{"allow":["GET"]}}],"collection":[{"href":"https:\/\/vihreatsylit.fi\/sv\/wp-json\/wp\/v2\/posts"}],"about":[{"href":"https:\/\/vihreatsylit.fi\/sv\/wp-json\/wp\/v2\/types\/post"}],"author":[{"embeddable":true,"href":"https:\/\/vihreatsylit.fi\/sv\/wp-json\/wp\/v2\/users\/1"}],"replies":[{"embeddable":true,"href":"https:\/\/vihreatsylit.fi\/sv\/wp-json\/wp\/v2\/comments?post=3394"}],"version-history":[{"count":4,"href":"https:\/\/vihreatsylit.fi\/sv\/wp-json\/wp\/v2\/posts\/3394\/revisions"}],"predecessor-version":[{"id":12167,"href":"https:\/\/vihreatsylit.fi\/sv\/wp-json\/wp\/v2\/posts\/3394\/revisions\/12167"}],"wp:featuredmedia":[{"embeddable":true,"href":"https:\/\/vihreatsylit.fi\/sv\/wp-json\/wp\/v2\/media\/12116"}],"wp:attachment":[{"href":"https:\/\/vihreatsylit.fi\/sv\/wp-json\/wp\/v2\/media?parent=3394"}],"wp:term":[{"taxonomy":"category","embeddable":true,"href":"https:\/\/vihreatsylit.fi\/sv\/wp-json\/wp\/v2\/categories?post=3394"},{"taxonomy":"post_tag","embeddable":true,"href":"https:\/\/vihreatsylit.fi\/sv\/wp-json\/wp\/v2\/tags?post=3394"}],"curies":[{"name":"wp","href":"https:\/\/api.w.org\/{rel}","templated":true}]}}